{"id":1840,"date":"2024-12-01T13:18:00","date_gmt":"2024-12-01T19:18:00","guid":{"rendered":"https:\/\/imaginepediatrics.org\/ahora-atendemos-a-pacientes-de-texas-florida-y-el-distrito-de-columbia"},"modified":"2025-03-03T13:15:49","modified_gmt":"2025-03-03T19:15:49","slug":"ahora-atendemos-a-pacientes-de-texas-florida-y-el-distrito-de-columbia","status":"publish","type":"post","link":"https:\/\/www.imaginepediatrics.org\/es\/noticias\/ahora-atendemos-a-pacientes-de-texas-florida-y-el-distrito-de-columbia\/","title":{"rendered":"Ahora atendemos a pacientes de Texas, Florida y el Distrito de Columbia."},"content":{"rendered":"\n<p>Ahora pueden acogerse a nuestro programa los ni\u00f1os de Texas y Florida con diagn\u00f3sticos m\u00e9dicos que cumplan los requisitos.<a href=\"https:\/\/www.imaginepediatrics.org\/qualify\" target=\"_blank\" rel=\"noreferrer noopener\"><\/a><\/p>\n","protected":false},"excerpt":{"rendered":"<p>Ahora pueden acogerse a nuestro programa los ni\u00f1os de Texas y Florida con diagn\u00f3sticos m\u00e9dicos que cumplan los requisitos.<\/p>\n","protected":false},"author":4,"featured_media":0,"comment_status":"closed","ping_status":"closed","sticky":false,"template":"","format":"standard","meta":{"_uag_custom_page_level_css":"","footnotes":""},"categories":[60],"tags":[],"class_list":["post-1840","post","type-post","status-publish","format-standard","hentry","category-noticias","FUNCTIONS-category-noticias"],"spectra_custom_meta":{"_encloseme":["1"],"rank_math_internal_links_processed":["1"],"_wpml_media_duplicate":["1"],"_wpml_media_featured":["1"],"external link":["\/qualify"],"_top_nav_excluded":[""],"_cms_nav_minihome":[""],"_last_translation_edit_mode":["translation-editor"],"_wpml_word_count":["54"],"rank_math_analytic_object_id":["89"],"_edit_lock":["1758055590:4"],"rank_math_primary_category":["37"]},"uagb_featured_image_src":{"full":false,"thumbnail":false,"medium":false,"medium_large":false,"large":false,"1536x1536":false,"2048x2048":false},"uagb_author_info":{"display_name":false,"author_link":"https:\/\/www.imaginepediatrics.org\/es\/author\/ddragos\/"},"uagb_comment_info":0,"uagb_excerpt":"Ahora pueden acogerse a nuestro programa los ni\u00f1os de Texas y Florida con diagn\u00f3sticos m\u00e9dicos que cumplan los requisitos.","_links":{"self":[{"href":"https:\/\/www.imaginepediatrics.org\/es\/wp-json\/wp\/v2\/posts\/1840","targetHints":{"allow":["GET"]}}],"collection":[{"href":"https:\/\/www.imaginepediatrics.org\/es\/wp-json\/wp\/v2\/posts"}],"about":[{"href":"https:\/\/www.imaginepediatrics.org\/es\/wp-json\/wp\/v2\/types\/post"}],"author":[{"embeddable":true,"href":"https:\/\/www.imaginepediatrics.org\/es\/wp-json\/wp\/v2\/users\/4"}],"replies":[{"embeddable":true,"href":"https:\/\/www.imaginepediatrics.org\/es\/wp-json\/wp\/v2\/comments?post=1840"}],"version-history":[{"count":0,"href":"https:\/\/www.imaginepediatrics.org\/es\/wp-json\/wp\/v2\/posts\/1840\/revisions"}],"wp:attachment":[{"href":"https:\/\/www.imaginepediatrics.org\/es\/wp-json\/wp\/v2\/media?parent=1840"}],"wp:term":[{"taxonomy":"category","embeddable":true,"href":"https:\/\/www.imaginepediatrics.org\/es\/wp-json\/wp\/v2\/categories?post=1840"},{"taxonomy":"post_tag","embeddable":true,"href":"https:\/\/www.imaginepediatrics.org\/es\/wp-json\/wp\/v2\/tags?post=1840"}],"curies":[{"name":"wp","href":"https:\/\/api.w.org\/{rel}","templated":true}]}}